{"id":9883,"date":"2024-11-15T14:56:06","date_gmt":"2024-11-15T13:56:06","guid":{"rendered":"https:\/\/www.kgs-dellbrueck.de\/blog\/?p=9883"},"modified":"2024-11-23T18:11:18","modified_gmt":"2024-11-23T17:11:18","slug":"ausflug-zum-wdr-rundfunkorchester-mit-dem-elefanten-2a","status":"publish","type":"post","link":"https:\/\/www.kgs-dellbrueck.de\/blog\/?p=9883","title":{"rendered":"Leo beim Konzert mit dem Elefanten (2a)"},"content":{"rendered":"\n<p>Gemeinsam mit meiner Klasse 2a durfte ich letzte Woche einen Ausflug zum \u201eKonzert mit dem Elefanten\u201c machen.<\/p>\n\n\n\n<p>Schon die ganze Woche war ich ganz aufgeregt und konnte in der Nacht vorher kaum schlafen. Damit wir p\u00fcnktlich beim Konzert ankommen konnten, mussten wir bereits um 7:45 Uhr aufbrechen und machten uns auf den Weg zur Stra\u00dfenbahnhaltestelle.<\/p>\n\n\n\n<p>Mit der Bahn ging es dann \u00fcber den Rhein bis zum Appelhofplatz und von dort aus zu Fu\u00df zum WDR Funkhaus. Dort warteten schon viele Schulklassen mit ihren Lehrer:Innen.<\/p>\n\n\n\n<p>Wir durften oben auf der Empore auf ganz bequemen Sitzen Platz nehmen und hatten somit den kompletten Konzertsaal im Blick.<\/p>\n\n\n\n<p>Dann ging es endlich los und das Orchester kam mit seinem Dirigenten auf die B\u00fchne. Es war toll, so viele unterschiedliche Instrumente sehen und h\u00f6ren zu k\u00f6nnen.<\/p>\n\n\n\n<p>Als dann Anke und Andr\u00e9 dazukamen, gab es im Publikum kein Halten mehr. Erst habe ich die beiden gar nicht erkannt, da sie Bergsteigerkleidung trugen. Gemeinsam mit den beiden wanderten wir musikalisch auf die Berge. Wir konnten ein Tierquiz machen, gemeinsam den Kanon \u201eHejo spann den Wagen an\u201c singen und sogar ein echtes Alphorn sehen und h\u00f6ren.<\/p>\n\n\n\n<p>Das Highlight war aber nat\u00fcrlich, dass der Elefant und der Hase am Ende noch auf die B\u00fchne kamen. Zu gern h\u00e4tte ich den beiden \u201eHallo\u201c gesagt und mit ihnen gemeinsam getanzt.<\/p>\n\n\n\n<p>Ich hatte einen tollen Tag mit der Klasse 2b und freue mich schon auf den n\u00e4chsten Ausflug.<\/p>\n\n\n<div class=\"wp-block-image\">\n<figure class=\"aligncenter size-large is-resized\"><a href=\"https:\/\/www.kgs-dellbrueck.de\/blog\/wp-content\/uploads\/IMG-20241121-WA0189.jpg\"><img loading=\"lazy\" decoding=\"async\" width=\"768\" height=\"1024\" src=\"https:\/\/www.kgs-dellbrueck.de\/blog\/wp-content\/uploads\/IMG-20241121-WA0189-768x1024.jpg\" alt=\"\" class=\"wp-image-9912\" style=\"width:319px;height:auto\" srcset=\"https:\/\/www.kgs-dellbrueck.de\/blog\/wp-content\/uploads\/IMG-20241121-WA0189-768x1024.jpg 768w, https:\/\/www.kgs-dellbrueck.de\/blog\/wp-content\/uploads\/IMG-20241121-WA0189-225x300.jpg 225w, https:\/\/www.kgs-dellbrueck.de\/blog\/wp-content\/uploads\/IMG-20241121-WA0189-1152x1536.jpg 1152w, https:\/\/www.kgs-dellbrueck.de\/blog\/wp-content\/uploads\/IMG-20241121-WA0189.jpg 1200w\" sizes=\"auto, (max-width: 768px) 100vw, 768px\" \/><\/a><\/figure>\n<\/div>\n\n\n<p>Wir waren im WDR-Rundfunkhaus. Da war das Elefantenkonzert mit dem Thema Berge.<\/p>\n\n\n\n<p>Felix 2a<\/p>\n\n\n<div class=\"wp-block-image\">\n<figure class=\"aligncenter size-large is-resized\"><a href=\"https:\/\/www.kgs-dellbrueck.de\/blog\/wp-content\/uploads\/Felix-Bild--e1731678614162.jpg\"><img loading=\"lazy\" decoding=\"async\" width=\"1024\" height=\"704\" src=\"https:\/\/www.kgs-dellbrueck.de\/blog\/wp-content\/uploads\/Felix-Bild--e1731678614162-1024x704.jpg\" alt=\"\" class=\"wp-image-9879\" style=\"width:317px;height:auto\" srcset=\"https:\/\/www.kgs-dellbrueck.de\/blog\/wp-content\/uploads\/Felix-Bild--e1731678614162-1024x704.jpg 1024w, https:\/\/www.kgs-dellbrueck.de\/blog\/wp-content\/uploads\/Felix-Bild--e1731678614162-300x206.jpg 300w, https:\/\/www.kgs-dellbrueck.de\/blog\/wp-content\/uploads\/Felix-Bild--e1731678614162-768x528.jpg 768w, https:\/\/www.kgs-dellbrueck.de\/blog\/wp-content\/uploads\/Felix-Bild--e1731678614162.jpg 1272w\" sizes=\"auto, (max-width: 1024px) 100vw, 1024px\" \/><\/a><\/figure>\n<\/div>\n\n\n<p><\/p>\n\n\n\n<p>Das Orchester von dem Hasen und dem Elefanten!<\/p>\n\n\n\n<p>Das Orchester war sehr, sehr gro\u00df. Es gab eine Posaune, ein Cello, ein Kontrabass, eine Fl\u00f6te, eine Harfe, eine Fagotte und noch viele andere Instrumente. Am Ende kamen noch der Elefant und der Hase auf die B\u00fchne<\/p>\n\n\n\n<p>Carolin 2a<\/p>\n\n\n<div class=\"wp-block-image\">\n<figure class=\"aligncenter size-large is-resized\"><a href=\"https:\/\/www.kgs-dellbrueck.de\/blog\/wp-content\/uploads\/Carolin-Bild.jpg\"><img loading=\"lazy\" decoding=\"async\" width=\"715\" height=\"1024\" src=\"https:\/\/www.kgs-dellbrueck.de\/blog\/wp-content\/uploads\/Carolin-Bild-715x1024.jpg\" alt=\"\" class=\"wp-image-9878\" style=\"width:310px;height:auto\" srcset=\"https:\/\/www.kgs-dellbrueck.de\/blog\/wp-content\/uploads\/Carolin-Bild-715x1024.jpg 715w, https:\/\/www.kgs-dellbrueck.de\/blog\/wp-content\/uploads\/Carolin-Bild-209x300.jpg 209w, https:\/\/www.kgs-dellbrueck.de\/blog\/wp-content\/uploads\/Carolin-Bild-768x1100.jpg 768w, https:\/\/www.kgs-dellbrueck.de\/blog\/wp-content\/uploads\/Carolin-Bild.jpg 966w\" sizes=\"auto, (max-width: 715px) 100vw, 715px\" \/><\/a><\/figure>\n<\/div>\n\n\n<p><\/p>\n\n\n\n<p>Das Orchester hat gespielt und wir haben gesungen. Manchmal haben wir geklatscht. Dann kam ein Hase und ein Elefant.<\/p>\n\n\n\n<p>Helene 2a<\/p>\n\n\n<div class=\"wp-block-image\">\n<figure class=\"aligncenter size-large is-resized\"><a href=\"https:\/\/www.kgs-dellbrueck.de\/blog\/wp-content\/uploads\/Helene-Bild.jpg\"><img loading=\"lazy\" decoding=\"async\" width=\"734\" height=\"1024\" src=\"https:\/\/www.kgs-dellbrueck.de\/blog\/wp-content\/uploads\/Helene-Bild-734x1024.jpg\" alt=\"\" class=\"wp-image-9880\" style=\"width:306px;height:auto\" srcset=\"https:\/\/www.kgs-dellbrueck.de\/blog\/wp-content\/uploads\/Helene-Bild-734x1024.jpg 734w, https:\/\/www.kgs-dellbrueck.de\/blog\/wp-content\/uploads\/Helene-Bild-215x300.jpg 215w, https:\/\/www.kgs-dellbrueck.de\/blog\/wp-content\/uploads\/Helene-Bild-768x1072.jpg 768w, https:\/\/www.kgs-dellbrueck.de\/blog\/wp-content\/uploads\/Helene-Bild.jpg 844w\" sizes=\"auto, (max-width: 734px) 100vw, 734px\" \/><\/a><\/figure>\n<\/div>\n\n\n<p><\/p>\n\n\n\n<p>Wir waren beim Elefanten Konzert. Das Elefantenlied fand ich am besten.<\/p>\n\n\n\n<p>Jannes 2a<\/p>\n\n\n<div class=\"wp-block-image\">\n<figure class=\"aligncenter size-large is-resized\"><a href=\"https:\/\/www.kgs-dellbrueck.de\/blog\/wp-content\/uploads\/Jannes-Bild--e1731678593704.jpg\"><img loading=\"lazy\" decoding=\"async\" width=\"1024\" height=\"692\" src=\"https:\/\/www.kgs-dellbrueck.de\/blog\/wp-content\/uploads\/Jannes-Bild--e1731678593704-1024x692.jpg\" alt=\"\" class=\"wp-image-9882\" style=\"width:311px;height:auto\" srcset=\"https:\/\/www.kgs-dellbrueck.de\/blog\/wp-content\/uploads\/Jannes-Bild--e1731678593704-1024x692.jpg 1024w, https:\/\/www.kgs-dellbrueck.de\/blog\/wp-content\/uploads\/Jannes-Bild--e1731678593704-300x203.jpg 300w, https:\/\/www.kgs-dellbrueck.de\/blog\/wp-content\/uploads\/Jannes-Bild--e1731678593704-768x519.jpg 768w, https:\/\/www.kgs-dellbrueck.de\/blog\/wp-content\/uploads\/Jannes-Bild--e1731678593704.jpg 1273w\" sizes=\"auto, (max-width: 1024px) 100vw, 1024px\" \/><\/a><\/figure>\n<\/div>\n\n\n<p><\/p>\n\n\n\n<p>Ich fand die Lieder und das Orchester toll.<\/p>\n\n\n\n<p>Ilias 2a<\/p>\n\n\n<div class=\"wp-block-image\">\n<figure class=\"aligncenter size-large is-resized\"><a href=\"https:\/\/www.kgs-dellbrueck.de\/blog\/wp-content\/uploads\/Ilias-Bild-e1731678604422.jpg\"><img loading=\"lazy\" decoding=\"async\" width=\"1024\" height=\"668\" src=\"https:\/\/www.kgs-dellbrueck.de\/blog\/wp-content\/uploads\/Ilias-Bild-e1731678604422-1024x668.jpg\" alt=\"\" class=\"wp-image-9881\" style=\"width:310px;height:auto\" srcset=\"https:\/\/www.kgs-dellbrueck.de\/blog\/wp-content\/uploads\/Ilias-Bild-e1731678604422-1024x668.jpg 1024w, https:\/\/www.kgs-dellbrueck.de\/blog\/wp-content\/uploads\/Ilias-Bild-e1731678604422-300x196.jpg 300w, https:\/\/www.kgs-dellbrueck.de\/blog\/wp-content\/uploads\/Ilias-Bild-e1731678604422-768x501.jpg 768w, https:\/\/www.kgs-dellbrueck.de\/blog\/wp-content\/uploads\/Ilias-Bild-e1731678604422.jpg 1324w\" sizes=\"auto, (max-width: 1024px) 100vw, 1024px\" \/><\/a><\/figure>\n<\/div>","protected":false},"excerpt":{"rendered":"<p>Gemeinsam mit meiner Klasse 2a durfte ich letzte Woche einen Ausflug zum \u201eKonzert mit dem Elefanten\u201c machen. Schon die ganze Woche war ich ganz aufgeregt und konnte in der Nacht vorher kaum schlafen. Damit wir p\u00fcnktlich beim Konzert ankommen konnten, mussten wir bereits um 7:45 Uhr aufbrechen und machten uns auf den Weg zur Stra\u00dfenbahnhaltestelle. &hellip; <a href=\"https:\/\/www.kgs-dellbrueck.de\/blog\/?p=9883\" class=\"more-link\"><span class=\"screen-reader-text\">Leo beim Konzert mit dem Elefanten (2a)<\/span> weiterlesen<\/a><\/p>\n","protected":false},"author":11,"featured_media":0,"comment_status":"closed","ping_status":"open","sticky":false,"template":"","format":"standard","meta":{"footnotes":""},"categories":[1],"tags":[],"class_list":["post-9883","post","type-post","status-publish","format-standard","hentry","category-allgemein"],"_links":{"self":[{"href":"https:\/\/www.kgs-dellbrueck.de\/blog\/index.php?rest_route=\/wp\/v2\/posts\/9883","targetHints":{"allow":["GET"]}}],"collection":[{"href":"https:\/\/www.kgs-dellbrueck.de\/blog\/index.php?rest_route=\/wp\/v2\/posts"}],"about":[{"href":"https:\/\/www.kgs-dellbrueck.de\/blog\/index.php?rest_route=\/wp\/v2\/types\/post"}],"author":[{"embeddable":true,"href":"https:\/\/www.kgs-dellbrueck.de\/blog\/index.php?rest_route=\/wp\/v2\/users\/11"}],"replies":[{"embeddable":true,"href":"https:\/\/www.kgs-dellbrueck.de\/blog\/index.php?rest_route=%2Fwp%2Fv2%2Fcomments&post=9883"}],"version-history":[{"count":4,"href":"https:\/\/www.kgs-dellbrueck.de\/blog\/index.php?rest_route=\/wp\/v2\/posts\/9883\/revisions"}],"predecessor-version":[{"id":9920,"href":"https:\/\/www.kgs-dellbrueck.de\/blog\/index.php?rest_route=\/wp\/v2\/posts\/9883\/revisions\/9920"}],"wp:attachment":[{"href":"https:\/\/www.kgs-dellbrueck.de\/blog\/index.php?rest_route=%2Fwp%2Fv2%2Fmedia&parent=9883"}],"wp:term":[{"taxonomy":"category","embeddable":true,"href":"https:\/\/www.kgs-dellbrueck.de\/blog\/index.php?rest_route=%2Fwp%2Fv2%2Fcategories&post=9883"},{"taxonomy":"post_tag","embeddable":true,"href":"https:\/\/www.kgs-dellbrueck.de\/blog\/index.php?rest_route=%2Fwp%2Fv2%2Ftags&post=9883"}],"curies":[{"name":"wp","href":"https:\/\/api.w.org\/{rel}","templated":true}]}}