{"id":9197,"date":"2024-05-26T13:09:34","date_gmt":"2024-05-26T11:09:34","guid":{"rendered":"https:\/\/www.kgs-dellbrueck.de\/blog\/?p=9197"},"modified":"2024-05-26T13:17:28","modified_gmt":"2024-05-26T11:17:28","slug":"fruehlings-elfchen-der-klasse-2d","status":"publish","type":"post","link":"https:\/\/www.kgs-dellbrueck.de\/blog\/?p=9197","title":{"rendered":"Fr\u00fchlings-Elfchen der Klasse 2d"},"content":{"rendered":"\n<p>Die Kinder der Klasse 2d haben im Unterricht die Gedichtform \u201eElfchen\u201c kennengelernt und zum Fr\u00fchling eigene Gedichte geschrieben. Hier einige Beispiele:<\/p>\n\n\n\n<ul class=\"wp-block-list\"><\/ul>\n\n\n\n<p><\/p>\n\n\n\n<figure class=\"wp-block-table\"><table><tbody><tr><td>sch\u00f6n <br \/>der Vogel<br \/>er fliegt herum <br \/>ich f\u00fchle mich gut <br \/>Luft \u00a0 <br \/><br \/>von Paula \u00a0<\/td><td>bunt <br \/>die Blume <br \/>auf dem Gras <br \/>ich f\u00fchle mich frei <br \/>sch\u00f6n \u00a0 <br \/><br \/>von Noah \u00a0<\/td><\/tr><tr><td>gelb <br \/>die Biene <br \/>sie ist gro\u00df <br \/>ich f\u00fchle die Biene <br \/>Sommer \u00a0 <br \/><br \/>von Karlotta \u00a0<\/td><td>warm <br \/>die Biene <br \/>sie fliegt hoch <br \/>ich sp\u00fcre die Sonne <br \/>Fr\u00fchling \u00a0 <br \/><br \/>von Lina R.<\/td><\/tr><tr><td>lecker <br \/>ein Fisch <br \/>auf dem Grill <br \/>ich f\u00fchle mich gut <br \/>Park \u00a0 <br \/><br \/>von Leo \u00a0<\/td><td>wei\u00df <br \/>eine Blume <br \/>auf der Wiese <br \/>ich rieche die Blume <br \/>Fr\u00fchling \u00a0 <br \/><br \/>von Felix \u00a0<\/td><\/tr><\/tbody><\/table><\/figure>\n\n\n<div class=\"wp-block-image\">\n<figure class=\"aligncenter size-full\"><a href=\"https:\/\/www.kgs-dellbrueck.de\/blog\/wp-content\/uploads\/WhatsApp-Image-2024-05-26-at-13.01.56_aea0d09e.jpg\"><img loading=\"lazy\" decoding=\"async\" width=\"640\" height=\"478\" src=\"https:\/\/www.kgs-dellbrueck.de\/blog\/wp-content\/uploads\/WhatsApp-Image-2024-05-26-at-13.01.56_aea0d09e.jpg\" alt=\"\" class=\"wp-image-9192\" srcset=\"https:\/\/www.kgs-dellbrueck.de\/blog\/wp-content\/uploads\/WhatsApp-Image-2024-05-26-at-13.01.56_aea0d09e.jpg 640w, https:\/\/www.kgs-dellbrueck.de\/blog\/wp-content\/uploads\/WhatsApp-Image-2024-05-26-at-13.01.56_aea0d09e-300x224.jpg 300w\" sizes=\"auto, (max-width: 640px) 100vw, 640px\" \/><\/a><\/figure>\n<\/div>","protected":false},"excerpt":{"rendered":"<p>Die Kinder der Klasse 2d haben im Unterricht die Gedichtform \u201eElfchen\u201c kennengelernt und zum Fr\u00fchling eigene Gedichte geschrieben. Hier einige Beispiele: sch\u00f6n der Vogeler fliegt herum ich f\u00fchle mich gut Luft \u00a0 von Paula \u00a0 bunt die Blume auf dem Gras ich f\u00fchle mich frei sch\u00f6n \u00a0 von Noah \u00a0 gelb die Biene sie ist &hellip; <a href=\"https:\/\/www.kgs-dellbrueck.de\/blog\/?p=9197\" class=\"more-link\"><span class=\"screen-reader-text\">Fr\u00fchlings-Elfchen der Klasse 2d<\/span> weiterlesen<\/a><\/p>\n","protected":false},"author":11,"featured_media":0,"comment_status":"closed","ping_status":"open","sticky":false,"template":"","format":"standard","meta":{"footnotes":""},"categories":[1],"tags":[],"class_list":["post-9197","post","type-post","status-publish","format-standard","hentry","category-allgemein"],"_links":{"self":[{"href":"https:\/\/www.kgs-dellbrueck.de\/blog\/index.php?rest_route=\/wp\/v2\/posts\/9197","targetHints":{"allow":["GET"]}}],"collection":[{"href":"https:\/\/www.kgs-dellbrueck.de\/blog\/index.php?rest_route=\/wp\/v2\/posts"}],"about":[{"href":"https:\/\/www.kgs-dellbrueck.de\/blog\/index.php?rest_route=\/wp\/v2\/types\/post"}],"author":[{"embeddable":true,"href":"https:\/\/www.kgs-dellbrueck.de\/blog\/index.php?rest_route=\/wp\/v2\/users\/11"}],"replies":[{"embeddable":true,"href":"https:\/\/www.kgs-dellbrueck.de\/blog\/index.php?rest_route=%2Fwp%2Fv2%2Fcomments&post=9197"}],"version-history":[{"count":4,"href":"https:\/\/www.kgs-dellbrueck.de\/blog\/index.php?rest_route=\/wp\/v2\/posts\/9197\/revisions"}],"predecessor-version":[{"id":9201,"href":"https:\/\/www.kgs-dellbrueck.de\/blog\/index.php?rest_route=\/wp\/v2\/posts\/9197\/revisions\/9201"}],"wp:attachment":[{"href":"https:\/\/www.kgs-dellbrueck.de\/blog\/index.php?rest_route=%2Fwp%2Fv2%2Fmedia&parent=9197"}],"wp:term":[{"taxonomy":"category","embeddable":true,"href":"https:\/\/www.kgs-dellbrueck.de\/blog\/index.php?rest_route=%2Fwp%2Fv2%2Fcategories&post=9197"},{"taxonomy":"post_tag","embeddable":true,"href":"https:\/\/www.kgs-dellbrueck.de\/blog\/index.php?rest_route=%2Fwp%2Fv2%2Ftags&post=9197"}],"curies":[{"name":"wp","href":"https:\/\/api.w.org\/{rel}","templated":true}]}}