{"id":10632,"date":"2025-03-04T09:24:59","date_gmt":"2025-03-04T08:24:59","guid":{"rendered":"https:\/\/www.kgs-dellbrueck.de\/blog\/?p=10632"},"modified":"2025-03-04T09:36:27","modified_gmt":"2025-03-04T08:36:27","slug":"alaaf-mit-fruehstueck-stopptanz-und-party","status":"publish","type":"post","link":"https:\/\/www.kgs-dellbrueck.de\/blog\/?p=10632","title":{"rendered":"Alaaf mit Fr\u00fchst\u00fcck, Stopptanz und Party"},"content":{"rendered":"\n<p><strong>27. Februar 2025<\/strong>. Von wegen Weiberfastnacht, Kinderfasteleer hei\u00dft es zu Beginn der tollen K\u00f6lner Karnevalstage an der KGS. F\u00fcr fast alle Sch\u00fclerinnen und Sch\u00fcler beginnt der Tag mit einem Klassenfr\u00fchst\u00fcck. Sie teilen Br\u00f6tchen und Pfannkuchen, Nussnougatcreme und Erdbeermarmelade, Fleischwurst und Tomatenaufstrich, \u00c4pfel und Paprika, Kekse und Gummib\u00e4rchen. Die \u00e4lteren Kinder finden das teils so gem\u00fctlich, dass sie den Morgen mit Erz\u00e4hlen und Essen verbringen, die J\u00fcngeren wollen lieber noch etwas spielen. Die Reise nach Jerusalem etwa, Stopptanz oder Menschen-Memory. Modenschauen gibt\u2019s auch, na klar, es gibt ja reichlich Kost\u00fcme zu bestaunen.<\/p>\n\n\n\n<p>&nbsp;&nbsp;&nbsp;&nbsp;&nbsp;&nbsp;&nbsp;&nbsp;&nbsp;&nbsp;&nbsp; Und schlie\u00dflich schallt das vielleicht klassischste aller Karnevalsger\u00e4usche \u00fcber den Hof des Standortes Thurner Stra\u00dfe: die decke Trumm, Schulsozialarbeiter Tobias Meier schl\u00e4gt den Takt und in einer gut 200 K\u00f6pfe z\u00e4hlenden Polonaise geht\u2019s kreuz und quer \u00fcber den Schulhof, bis die Karawane vor der Turnhalle stoppt. Dort begr\u00fc\u00dft Musiklehrerin Laura Holtbernd die Jecken und moderiert eine Karnevalsparty unter anderem mit Kost\u00fcmshow, einem Tanz der Viertkl\u00e4ssler und schlie\u00dflich einem gro\u00dfen Kreis aller. Zum Bl\u00e4ck-F\u00f6\u00f6ss-Klassiker \u201eIn unserm Veedel\u201c wiegen sich die Feiernden auf dem Schulhof im Takt, \u201edenn he h\u00e4llt m&#8217;r zesamme, ejaal wat och passet\u201c, an unsrer KGS.<\/p>\n\n\n\n<p>&nbsp;&nbsp;&nbsp;&nbsp;&nbsp;&nbsp;&nbsp;&nbsp;&nbsp;&nbsp;&nbsp; Leev Jecke, habt tolle Tage, am Dienstag sehen wir uns am Zoch!<\/p>\n\n\n\n<p>Verena Bettels<\/p>\n\n\n<div class=\"wp-block-image\">\n<figure class=\"aligncenter size-large is-resized\"><a href=\"https:\/\/www.kgs-dellbrueck.de\/blog\/wp-content\/uploads\/a108fd276e8a414baa87ff7a7e3376f9.jpg\"><img decoding=\"async\" src=\"https:\/\/www.kgs-dellbrueck.de\/blog\/wp-content\/uploads\/a108fd276e8a414baa87ff7a7e3376f9-1024x730.jpg\" alt=\"\" class=\"wp-image-10627\" style=\"width:285px;height:auto\"\/><\/a><\/figure>\n<\/div>\n\n\n<p><a href=\"https:\/\/www.kgs-dellbrueck.de\/blog\/?p=10635\">Weiberfastnacht Impressionen aus der Urnenstra\u00dfe<\/a><\/p>\n\n\n\n<p><a href=\"https:\/\/www.kgs-dellbrueck.de\/blog\/?p=10638\">Weiberfastnacht Immpressionen aus der Thurner Str.<\/a><\/p>\n\n\n\n<p><\/p>\n","protected":false},"excerpt":{"rendered":"<p>27. Februar 2025. Von wegen Weiberfastnacht, Kinderfasteleer hei\u00dft es zu Beginn der tollen K\u00f6lner Karnevalstage an der KGS. F\u00fcr fast alle Sch\u00fclerinnen und Sch\u00fcler beginnt der Tag mit einem Klassenfr\u00fchst\u00fcck. Sie teilen Br\u00f6tchen und Pfannkuchen, Nussnougatcreme und Erdbeermarmelade, Fleischwurst und Tomatenaufstrich, \u00c4pfel und Paprika, Kekse und Gummib\u00e4rchen. Die \u00e4lteren Kinder finden das teils so gem\u00fctlich, &hellip; <a href=\"https:\/\/www.kgs-dellbrueck.de\/blog\/?p=10632\" class=\"more-link\"><span class=\"screen-reader-text\">Alaaf mit Fr\u00fchst\u00fcck, Stopptanz und Party<\/span> weiterlesen<\/a><\/p>\n","protected":false},"author":11,"featured_media":0,"comment_status":"closed","ping_status":"open","sticky":false,"template":"","format":"standard","meta":{"footnotes":""},"categories":[1],"tags":[],"class_list":["post-10632","post","type-post","status-publish","format-standard","hentry","category-allgemein"],"_links":{"self":[{"href":"https:\/\/www.kgs-dellbrueck.de\/blog\/index.php?rest_route=\/wp\/v2\/posts\/10632","targetHints":{"allow":["GET"]}}],"collection":[{"href":"https:\/\/www.kgs-dellbrueck.de\/blog\/index.php?rest_route=\/wp\/v2\/posts"}],"about":[{"href":"https:\/\/www.kgs-dellbrueck.de\/blog\/index.php?rest_route=\/wp\/v2\/types\/post"}],"author":[{"embeddable":true,"href":"https:\/\/www.kgs-dellbrueck.de\/blog\/index.php?rest_route=\/wp\/v2\/users\/11"}],"replies":[{"embeddable":true,"href":"https:\/\/www.kgs-dellbrueck.de\/blog\/index.php?rest_route=%2Fwp%2Fv2%2Fcomments&post=10632"}],"version-history":[{"count":4,"href":"https:\/\/www.kgs-dellbrueck.de\/blog\/index.php?rest_route=\/wp\/v2\/posts\/10632\/revisions"}],"predecessor-version":[{"id":10658,"href":"https:\/\/www.kgs-dellbrueck.de\/blog\/index.php?rest_route=\/wp\/v2\/posts\/10632\/revisions\/10658"}],"wp:attachment":[{"href":"https:\/\/www.kgs-dellbrueck.de\/blog\/index.php?rest_route=%2Fwp%2Fv2%2Fmedia&parent=10632"}],"wp:term":[{"taxonomy":"category","embeddable":true,"href":"https:\/\/www.kgs-dellbrueck.de\/blog\/index.php?rest_route=%2Fwp%2Fv2%2Fcategories&post=10632"},{"taxonomy":"post_tag","embeddable":true,"href":"https:\/\/www.kgs-dellbrueck.de\/blog\/index.php?rest_route=%2Fwp%2Fv2%2Ftags&post=10632"}],"curies":[{"name":"wp","href":"https:\/\/api.w.org\/{rel}","templated":true}]}}